{"id":1087,"date":"2011-07-29T15:16:58","date_gmt":"2011-07-29T14:16:58","guid":{"rendered":"http:\/\/www.gabianspirit.com\/wordpress\/?p=1087"},"modified":"2025-07-08T16:47:13","modified_gmt":"2025-07-08T15:47:13","slug":"le-miroir-du-reel","status":"publish","type":"post","link":"https:\/\/www.gabianspirit.com\/wordpress\/le-miroir-du-reel\/","title":{"rendered":"Le miroir du r\u00e9el"},"content":{"rendered":"\n<p>Pour des raisons de droits, les photographies originairement pr\u00e9vues ont \u00e9t\u00e9s remplac\u00e9es dans les exemples suivants. Les photographes de la version originale sont pr\u00e9ciser entre parenth\u00e8ses. (pour plus d&rsquo;images ou informations, n&rsquo;h\u00e9sitez pas \u00e0 me contacter.)<\/p>\n\n\n\n<p>cr\u00e9dits :<br>Vers un ailleurs&nbsp;:&nbsp;Marie Bellando-Mitjans (Michael Kenna)&nbsp;\/ Jos\u00e9 \u00c1ngel Valente<br>Trop pr\u00e8s du r\u00e9el&nbsp;:&nbsp;<a title=\"\" href=\"http:\/\/www.flickr.com\/photos\/gluemoon\/\" target=\"_blank\" rel=\"noopener\">Gluemoon (flickr CC)<\/a>&nbsp;(Robert&nbsp;Capa)&nbsp;\/ L\u00e9opold S\u00e9dar Senghor<br>Miracle de couleur&nbsp;:&nbsp;<a title=\"\" href=\"http:\/\/www.flickr.com\/photos\/babasteve\/\" target=\"_blank\" rel=\"noopener\">Steve Evans (flickr CC)<\/a>&nbsp;(Steve Mc Curry)&nbsp;\/ Tristan Tzara<br>L\u2019Existence pour seule r\u00e9ponse&nbsp;:&nbsp;Marie Bellando-Mitjans (Gerald Garbez) \/ Joan Vinyoli<\/p>\n\n\n\n<figure class=\"wp-block-image\"><a href=\"http:\/\/www.gabianspirit.com\/wordpress\/wp-content\/uploads\/2015\/03\/144986_orig.jpg\"><img loading=\"lazy\" decoding=\"async\" width=\"400\" height=\"518\" src=\"http:\/\/www.gabianspirit.com\/wordpress\/wp-content\/uploads\/2015\/03\/144986_orig.jpg\" alt=\"Livre\" class=\"wp-image-1089\"\/><\/a><\/figure>\n\n\n\n<p><\/p>\n\n\n\n<p><strong><span style=\"font-size: large;\">Note d&rsquo;intention<\/span><\/strong><br>Nous sommes entr\u00e9s dans une \u00e8re num\u00e9rique et d\u00e9mat\u00e9rialis\u00e9e, cependant force&nbsp;est de constater que le&nbsp;<strong>R\u00e9el<\/strong>&nbsp;existe toujours et semble si n\u00e9cessaire \u00e0 l&rsquo;appr\u00e9hension&nbsp;du monde. Ma d\u00e9marche consiste \u00e0 explorer ce rapport au R\u00e9el par deux prismes diff\u00e9rents : la&nbsp;<strong>photographie<\/strong>&nbsp;et la&nbsp;<strong>po\u00e9sie<\/strong>&nbsp;; deux supports diff\u00e9rents : le&nbsp;<strong>livre<\/strong>&nbsp;et le&nbsp;<strong>num\u00e9rique<\/strong>.<\/p>\n\n\n\n<p>J\u2019ai structur\u00e9 mon \u00e9tude autour de diff\u00e9rents th\u00e8mes qui me tiennent \u00e0 c\u0153ur (la couleur,&nbsp;le voyage, la solitude, l\u2019exil, la guerre, la mort), et me semblent caract\u00e9ristiques de notre confrontation au R\u00e9el. Je d\u00e9veloppe et exploite la&nbsp;<strong>compl\u00e9mentarit\u00e9<\/strong>&nbsp;des supports papier&nbsp;et num\u00e9rique \u00e0 travers diverses interventions graphiques. Elles sont l\u2019expression de mon propre sentiment vis-\u00e0-vis des th\u00e8mes, sont une incursion dans la&nbsp;<strong>lecture<\/strong>&nbsp;m\u00eame plus que dans le&nbsp;<strong>texte<\/strong>&nbsp;ou l\u2019<strong>image<\/strong>. Le livre devient un jeu de piste dont le contenu n\u2019est pas directement accessible. Le lecteur s\u2019accroche au contenu. Il tente de le d\u00e9couvrir et de le toucher par le papier. Il essaye de le rattraper, de le comprendre, de le contempler par le num\u00e9rique. Cette compl\u00e9mentarit\u00e9 offre au \u00ab&nbsp;<strong>lecteur\/acteur<\/strong>&nbsp;\u00bb une&nbsp;<strong>po\u00e9sie globale<\/strong>&nbsp;qui parle \u00e0 tous les sens sur tous les supports disponibles, en rendant le num\u00e9rique sensible et le papier insaisissable, afin de convoquer pleinement sa conscience et sa r\u00e9flexion. La collection dispose d\u2019un&nbsp;<a href=\"http:\/\/lemiroirdureel.blogspot.fr\/\" target=\"_blank\" rel=\"noopener\">blog<\/a>&nbsp;d\u2019interactions culturelles o\u00f9 les lecteurs peuvent trouver d\u2019autres contenus en rapport avec les diff\u00e9rents th\u00e8mes (essais, peintures, sculptures, etc.) et partager leurs propres exp\u00e9riences.<\/p>\n\n\n\n<p>\u00c0 l\u2019heure actuelle, le livre&nbsp;papier&nbsp;est le support commun, simple et efficace de mise \u00e0 disposition imm\u00e9diate et sans interm\u00e9diaire d\u2019un texte. Il offre un&nbsp;espace&nbsp;sensible de lecture, instaure une sorte de relation intime et directe entre le texte et le lecteur. Le seul barrage entre le lecteur et le contenu du texte est la page \u00e0 tourner, un acte de pr\u00e9sence physique dont nous n\u2019avons plus conscience, pourtant la lecture papier est un engagement de pr\u00e9sence \u00e0 tous les sens. Le livre&nbsp;num\u00e9rique&nbsp;appara\u00eet comme le support froid et impersonnel de rapidit\u00e9 de lecture et d\u2019accessibilit\u00e9 au contenu. D\u00e9mat\u00e9rialis\u00e9 et robotis\u00e9, il est un&nbsp;temps&nbsp;de lecture destin\u00e9 \u00e0 nos seuls yeux. Il est en quelque sorte un organe de lecture hors de nous m\u00eame. Lisant presque \u00e0 notre place, il ne nous demande que du temps disponible. Il nous contraint \u00e0 attendre la suite, soit parce que l\u2019auteur ne l\u2019a pas encore \u00e9crite (dans le cas d\u2019un blog) soit parce qu\u2019elle n\u2019a pas encore \u00e9t\u00e9 r\u00e9v\u00e9l\u00e9e (dans un livre anim\u00e9 ou par le temps n\u00e9cessaire au simple affichage de la page). Loin des id\u00e9es re\u00e7ues de dualit\u00e9, je per\u00e7ois le rapport \u00ab&nbsp;papier\/num\u00e9rique&nbsp;\u00bb comme une compl\u00e9mentarit\u00e9 \u00ab&nbsp;espace\/temps&nbsp;\u00bb riche de promesses.<\/p>\n\n\n\n<p><a href=\"http:\/\/www.gabianspirit.com\/wordpress\/wp-content\/uploads\/2015\/03\/lmdr.pdf\" target=\"_blank\" rel=\"noopener\">T\u00e9l\u00e9chargez les explications compl\u00e8tes.<\/a><\/p>\n\n\n\n<h3 class=\"wp-block-heading\">Vers un ailleurs<\/h3>\n\n\n\n<p>Photographie de Marie Bellando-Mitjans. Texte de Jos\u00e9 \u00c1ngel Valente,&nbsp;\u00ab \u00c9ph\u00e9m\u00e9rides \u00bb in&nbsp;<em>Mandorle<\/em>,&nbsp;\u00a9\u00e9ditions Gallimard 1991&nbsp;(pour la version fran\u00e7aise). Lu par Marie Bellando-Mitjans.<\/p>\n\n\n\n<figure class=\"wp-block-image\"><img loading=\"lazy\" decoding=\"async\" width=\"652\" height=\"435\" src=\"http:\/\/www.gabianspirit.com\/wordpress\/wp-content\/uploads\/2011\/07\/1457905_orig.jpg\" alt=\"1457905_orig\" class=\"wp-image-2400\"\/><\/figure>\n\n\n\n<figure class=\"wp-block-image\"><a href=\"http:\/\/www.gabianspirit.com\/wordpress\/wp-content\/uploads\/2011\/07\/1078515_orig.jpg\"><img loading=\"lazy\" decoding=\"async\" width=\"686\" height=\"457\" src=\"http:\/\/www.gabianspirit.com\/wordpress\/wp-content\/uploads\/2011\/07\/1078515_orig.jpg\" alt=\"1078515_orig\" class=\"wp-image-2399\"\/><\/a><\/figure>\n\n\n\n<p><iframe loading=\"lazy\" src=\"https:\/\/player.vimeo.com\/video\/25425298?color=ffffff&amp;title=0&amp;byline=0&amp;portrait=0\" width=\"500\" height=\"275\" frameborder=\"0\" allowfullscreen=\"allowfullscreen\"><\/iframe><br><\/p>\n\n\n\n<h3 class=\"wp-block-heading\">Trop pr\u00e8s du r\u00e9el<\/h3>\n\n\n\n<p>Photographie de Gluemoon (flickr CC). Texte de L\u00e9opold S\u00e9dar Senghor, extrait de \u00ab Aux tirailleurs s\u00e9n\u00e9galais morts pour la France \u00bb in <em>Hosties Noires<\/em>, \u00a9\u00e9ditions Le Seuil 1961, 1982, 2006. Lu par Marie Bellando-Mitjans.<\/p>\n\n\n\n<figure class=\"wp-block-image\"><a href=\"http:\/\/www.gabianspirit.com\/wordpress\/wp-content\/uploads\/2011\/07\/2160790_orig.jpg\"><img loading=\"lazy\" decoding=\"async\" width=\"594\" height=\"396\" src=\"http:\/\/www.gabianspirit.com\/wordpress\/wp-content\/uploads\/2011\/07\/2160790_orig.jpg\" alt=\"2160790_orig\" class=\"wp-image-2402\"\/><\/a><\/figure>\n\n\n\n<figure class=\"wp-block-image\"><a href=\"http:\/\/www.gabianspirit.com\/wordpress\/wp-content\/uploads\/2011\/07\/3804790_orig.jpg\"><img loading=\"lazy\" decoding=\"async\" width=\"719\" height=\"479\" src=\"http:\/\/www.gabianspirit.com\/wordpress\/wp-content\/uploads\/2011\/07\/3804790_orig.jpg\" alt=\"3804790_orig\" class=\"wp-image-2403\"\/><\/a><\/figure>\n\n\n\n<p><iframe loading=\"lazy\" src=\"https:\/\/player.vimeo.com\/video\/25445556?color=ffffff&amp;title=0&amp;byline=0&amp;portrait=0\" width=\"500\" height=\"275\" frameborder=\"0\" allowfullscreen=\"allowfullscreen\"><\/iframe><br> <\/p>\n\n\n\n<h3 class=\"wp-block-heading\">Miracle de couleur<\/h3>\n\n\n\n<p>Photographies de Steve Evans (flickr CC). Texte de Tristan Tzara, extrait de <em>25 po\u00e8mes<\/em>, \u00a9\u00e9ditions Flammarion. Lu par Marie Bellando-Mitjans.<\/p>\n\n\n\n<figure class=\"wp-block-image\"><a href=\"http:\/\/www.gabianspirit.com\/wordpress\/wp-content\/uploads\/2011\/07\/7553741_orig.jpg\"><img loading=\"lazy\" decoding=\"async\" width=\"1100\" height=\"733\" src=\"http:\/\/www.gabianspirit.com\/wordpress\/wp-content\/uploads\/2011\/07\/7553741_orig.jpg\" alt=\"7553741_orig\" class=\"wp-image-2404\" srcset=\"https:\/\/www.gabianspirit.com\/wordpress\/wp-content\/uploads\/2011\/07\/7553741_orig.jpg 1100w, https:\/\/www.gabianspirit.com\/wordpress\/wp-content\/uploads\/2011\/07\/7553741_orig-744x496.jpg 744w\" sizes=\"auto, (max-width: 1100px) 100vw, 1100px\" \/><\/a><\/figure>\n\n\n\n<figure class=\"wp-block-image\"><a href=\"http:\/\/www.gabianspirit.com\/wordpress\/wp-content\/uploads\/2011\/07\/7646728_orig.jpg\"><img loading=\"lazy\" decoding=\"async\" width=\"1100\" height=\"733\" src=\"http:\/\/www.gabianspirit.com\/wordpress\/wp-content\/uploads\/2011\/07\/7646728_orig.jpg\" alt=\"7646728_orig\" class=\"wp-image-2405\" srcset=\"https:\/\/www.gabianspirit.com\/wordpress\/wp-content\/uploads\/2011\/07\/7646728_orig.jpg 1100w, https:\/\/www.gabianspirit.com\/wordpress\/wp-content\/uploads\/2011\/07\/7646728_orig-744x496.jpg 744w\" sizes=\"auto, (max-width: 1100px) 100vw, 1100px\" \/><\/a><\/figure>\n\n\n\n<p><iframe loading=\"lazy\" src=\"https:\/\/player.vimeo.com\/video\/25448143?color=ffffff&amp;title=0&amp;byline=0&amp;portrait=0\" width=\"500\" height=\"275\" frameborder=\"0\" allowfullscreen=\"allowfullscreen\"><\/iframe><br> <\/p>\n\n\n\n<h3 class=\"wp-block-heading\">L\u2019Existence pour seule r\u00e9ponse<\/h3>\n\n\n\n<p>Photographie de Marie Bellando-Mitjans. Texte de Joan Vinyoli, extrait de \u00ab soir\u00e9e \u00e0 la caf\u00e9taria \u00bb in <em>Promenade d\u2019anniversaire,<\/em> \u00a9\u00e9ditions Orph\u00e9e La Diff\u00e9rence, 1998. Lu par Marie Bellando-Mitjans.<\/p>\n\n\n\n<figure class=\"wp-block-image\"><a href=\"http:\/\/www.gabianspirit.com\/wordpress\/wp-content\/uploads\/2011\/07\/2134166_orig.jpg\"><img loading=\"lazy\" decoding=\"async\" width=\"703\" height=\"469\" src=\"http:\/\/www.gabianspirit.com\/wordpress\/wp-content\/uploads\/2011\/07\/2134166_orig.jpg\" alt=\"2134166_orig\" class=\"wp-image-2406\"\/><\/a><\/figure>\n\n\n\n<figure class=\"wp-block-image\"><a href=\"http:\/\/www.gabianspirit.com\/wordpress\/wp-content\/uploads\/2011\/07\/6831038_orig.jpg\"><img loading=\"lazy\" decoding=\"async\" width=\"713\" height=\"475\" src=\"http:\/\/www.gabianspirit.com\/wordpress\/wp-content\/uploads\/2011\/07\/6831038_orig.jpg\" alt=\"6831038_orig\" class=\"wp-image-2407\"\/><\/a><\/figure>\n\n\n\n<p><iframe loading=\"lazy\" src=\"https:\/\/player.vimeo.com\/video\/25453939?color=ffffff&amp;title=0&amp;byline=0&amp;portrait=0\" width=\"500\" height=\"275\" frameborder=\"0\" allowfullscreen=\"allowfullscreen\"><\/iframe><br> <\/p>\n","protected":false},"excerpt":{"rendered":"<p>Pour des raisons de droits, les photographies originairement pr\u00e9vues ont \u00e9t\u00e9s remplac\u00e9es dans les exemples suivants. Les photographes de la version originale sont pr\u00e9ciser entre [&#8230;]<\/p>\n","protected":false},"author":1,"featured_media":1091,"comment_status":"open","ping_status":"open","sticky":false,"template":"","format":"standard","meta":{"ngg_post_thumbnail":0,"_jetpack_memberships_contains_paid_content":false,"footnotes":""},"categories":[1228,1164],"tags":[1511,1512,1503,1504,1429,1510,1433],"class_list":["post-1087","post","type-post","status-publish","format-standard","has-post-thumbnail","hentry","category-art","category-livres-typographie","tag-collection","tag-edition","tag-livre","tag-livre-objet","tag-philosophie","tag-photographie","tag-poesie"],"jetpack_featured_media_url":"https:\/\/www.gabianspirit.com\/wordpress\/wp-content\/uploads\/2015\/03\/7961890_orig.jpg","jetpack_sharing_enabled":true,"_links":{"self":[{"href":"https:\/\/www.gabianspirit.com\/wordpress\/wp-json\/wp\/v2\/posts\/1087","targetHints":{"allow":["GET"]}}],"collection":[{"href":"https:\/\/www.gabianspirit.com\/wordpress\/wp-json\/wp\/v2\/posts"}],"about":[{"href":"https:\/\/www.gabianspirit.com\/wordpress\/wp-json\/wp\/v2\/types\/post"}],"author":[{"embeddable":true,"href":"https:\/\/www.gabianspirit.com\/wordpress\/wp-json\/wp\/v2\/users\/1"}],"replies":[{"embeddable":true,"href":"https:\/\/www.gabianspirit.com\/wordpress\/wp-json\/wp\/v2\/comments?post=1087"}],"version-history":[{"count":8,"href":"https:\/\/www.gabianspirit.com\/wordpress\/wp-json\/wp\/v2\/posts\/1087\/revisions"}],"predecessor-version":[{"id":13955,"href":"https:\/\/www.gabianspirit.com\/wordpress\/wp-json\/wp\/v2\/posts\/1087\/revisions\/13955"}],"wp:featuredmedia":[{"embeddable":true,"href":"https:\/\/www.gabianspirit.com\/wordpress\/wp-json\/wp\/v2\/media\/1091"}],"wp:attachment":[{"href":"https:\/\/www.gabianspirit.com\/wordpress\/wp-json\/wp\/v2\/media?parent=1087"}],"wp:term":[{"taxonomy":"category","embeddable":true,"href":"https:\/\/www.gabianspirit.com\/wordpress\/wp-json\/wp\/v2\/categories?post=1087"},{"taxonomy":"post_tag","embeddable":true,"href":"https:\/\/www.gabianspirit.com\/wordpress\/wp-json\/wp\/v2\/tags?post=1087"}],"curies":[{"name":"wp","href":"https:\/\/api.w.org\/{rel}","templated":true}]}}