{"id":10525,"date":"2023-12-21T15:08:36","date_gmt":"2023-12-21T14:08:36","guid":{"rendered":"https:\/\/www.gabianspirit.com\/wordpress\/?p=10525"},"modified":"2025-07-08T17:20:09","modified_gmt":"2025-07-08T16:20:09","slug":"saintes-des-xvie-xviie-et-xviiie-siecles","status":"publish","type":"post","link":"https:\/\/www.gabianspirit.com\/wordpress\/saintes-des-xvie-xviie-et-xviiie-siecles\/","title":{"rendered":"Saint(e)s des XVIe, XVIIe et XVIIIe si\u00e8cles"},"content":{"rendered":"\n<figure class=\"wp-block-gallery has-nested-images columns-default is-cropped wp-block-gallery-1 is-layout-flex wp-block-gallery-is-layout-flex\">\n<figure class=\"wp-block-image size-large\"><img loading=\"lazy\" decoding=\"async\" width=\"1200\" height=\"1718\" data-id=\"10889\" src=\"https:\/\/www.gabianspirit.com\/wordpress\/wp-content\/uploads\/2021\/10\/Charles-1200x1718.png\" alt=\"\" class=\"wp-image-10889\" srcset=\"https:\/\/www.gabianspirit.com\/wordpress\/wp-content\/uploads\/2021\/10\/Charles-1200x1718.png 1200w, https:\/\/www.gabianspirit.com\/wordpress\/wp-content\/uploads\/2021\/10\/Charles-744x1065.png 744w, https:\/\/www.gabianspirit.com\/wordpress\/wp-content\/uploads\/2021\/10\/Charles-768x1100.png 768w, https:\/\/www.gabianspirit.com\/wordpress\/wp-content\/uploads\/2021\/10\/Charles-1073x1536.png 1073w, https:\/\/www.gabianspirit.com\/wordpress\/wp-content\/uploads\/2021\/10\/Charles-1430x2048.png 1430w\" sizes=\"auto, (max-width: 1200px) 100vw, 1200px\" \/><figcaption class=\"wp-element-caption\">Saint Charles de Sezze<\/figcaption><\/figure>\n\n\n\n<figure class=\"wp-block-image size-full\"><img loading=\"lazy\" decoding=\"async\" width=\"628\" height=\"899\" data-id=\"12909\" src=\"https:\/\/www.gabianspirit.com\/wordpress\/wp-content\/uploads\/2023\/01\/Therese-dAvilla.jpg\" alt=\"\" class=\"wp-image-12909\"\/><figcaption class=\"wp-element-caption\">Sainte Th\u00e9r\u00e8se d&rsquo;Avila<\/figcaption><\/figure>\n\n\n\n<figure class=\"wp-block-image size-large\"><img loading=\"lazy\" decoding=\"async\" width=\"1200\" height=\"1718\" data-id=\"13713\" src=\"https:\/\/www.gabianspirit.com\/wordpress\/wp-content\/uploads\/2023\/12\/Elie_Neau-1200x1718.jpg\" alt=\"\" class=\"wp-image-13713\" srcset=\"https:\/\/www.gabianspirit.com\/wordpress\/wp-content\/uploads\/2023\/12\/Elie_Neau-1200x1718.jpg 1200w, https:\/\/www.gabianspirit.com\/wordpress\/wp-content\/uploads\/2023\/12\/Elie_Neau-744x1065.jpg 744w, https:\/\/www.gabianspirit.com\/wordpress\/wp-content\/uploads\/2023\/12\/Elie_Neau-768x1099.jpg 768w, https:\/\/www.gabianspirit.com\/wordpress\/wp-content\/uploads\/2023\/12\/Elie_Neau-1073x1536.jpg 1073w, https:\/\/www.gabianspirit.com\/wordpress\/wp-content\/uploads\/2023\/12\/Elie_Neau.jpg 1397w\" sizes=\"auto, (max-width: 1200px) 100vw, 1200px\" \/><figcaption class=\"wp-element-caption\">Elie Neau<\/figcaption><\/figure>\n\n\n\n<figure class=\"wp-block-image size-large\"><img loading=\"lazy\" decoding=\"async\" width=\"1200\" height=\"1718\" data-id=\"13712\" src=\"https:\/\/www.gabianspirit.com\/wordpress\/wp-content\/uploads\/2023\/12\/Rose-1200x1718.jpg\" alt=\"\" class=\"wp-image-13712\" srcset=\"https:\/\/www.gabianspirit.com\/wordpress\/wp-content\/uploads\/2023\/12\/Rose-1200x1718.jpg 1200w, https:\/\/www.gabianspirit.com\/wordpress\/wp-content\/uploads\/2023\/12\/Rose-744x1065.jpg 744w, https:\/\/www.gabianspirit.com\/wordpress\/wp-content\/uploads\/2023\/12\/Rose-768x1099.jpg 768w, https:\/\/www.gabianspirit.com\/wordpress\/wp-content\/uploads\/2023\/12\/Rose-1073x1536.jpg 1073w, https:\/\/www.gabianspirit.com\/wordpress\/wp-content\/uploads\/2023\/12\/Rose.jpg 1397w\" sizes=\"auto, (max-width: 1200px) 100vw, 1200px\" \/><figcaption class=\"wp-element-caption\">Sainte Rose de Lima<\/figcaption><\/figure>\n<\/figure>\n\n\n\n<p>\u2022 Charles de Sezze, (Sezze, 19 octobre 1613 &#8211; Rome, 6 janvier 1670) est un religieux franciscain, mystique et ayant re\u00e7u les stigmates.<\/p>\n\n\n\n<p>\u2022 <a href=\"https:\/\/fr.wikipedia.org\/wiki\/Th%C3%A9r%C3%A8se_d%27Avila\">Th\u00e9r\u00e8se d&rsquo;\u00c1vila<\/a> (en religion : Teresa de Jes\u00fas) est une religieuse espagnole, n\u00e9e le 28 mars 1515 \u00e0 Gotarrendura (Vieille-Castille) et morte le 4 octobre 1582 \u00e0 Alba de Tormes. Profond\u00e9ment mystique, elle laisse des \u00e9crits sur son exp\u00e9rience spirituelle qui la font consid\u00e9rer comme une figure majeure de la spiritualit\u00e9 chr\u00e9tienne.<\/p>\n\n\n\n<p>\u2022 Elie Neau, n\u00e9 en 1662 \u00e0 Mo\u00ebze dans l&rsquo;actuel d\u00e9partement de la Charente-Maritime, et mort le 7 septembre 1722 \u00e0 New York, est un huguenot fran\u00e7ais, reconnu saint par l&rsquo;\u00c9glise \u00e9piscopalienne pour son \u0153uvre visant \u00e0 am\u00e9liorer les conditions de vie et rendre leur dignit\u00e9 aux esclaves.<\/p>\n\n\n\n<p>\u2022 Rose de Lima (1586-1617), canonis\u00e9e en 1671, est la premi\u00e8re sainte du Nouveau Monde. <\/p>\n","protected":false},"excerpt":{"rendered":"<p>\u2022 Charles de Sezze, (Sezze, 19 octobre 1613 &#8211; Rome, 6 janvier 1670) est un religieux franciscain, mystique et ayant re\u00e7u les stigmates. \u2022 Th\u00e9r\u00e8se [&#8230;]<\/p>\n","protected":false},"author":1,"featured_media":13712,"comment_status":"closed","ping_status":"closed","sticky":false,"template":"","format":"standard","meta":{"ngg_post_thumbnail":0,"_jetpack_memberships_contains_paid_content":false,"footnotes":""},"categories":[1228,1168],"tags":[1332,1575,1499,1605,1606],"class_list":["post-10525","post","type-post","status-publish","format-standard","has-post-thumbnail","hentry","category-art","category-images-pieuses","tag-chretien","tag-icone","tag-illustration","tag-saint","tag-sainte"],"jetpack_featured_media_url":"https:\/\/www.gabianspirit.com\/wordpress\/wp-content\/uploads\/2023\/12\/Rose.jpg","jetpack_sharing_enabled":true,"_links":{"self":[{"href":"https:\/\/www.gabianspirit.com\/wordpress\/wp-json\/wp\/v2\/posts\/10525","targetHints":{"allow":["GET"]}}],"collection":[{"href":"https:\/\/www.gabianspirit.com\/wordpress\/wp-json\/wp\/v2\/posts"}],"about":[{"href":"https:\/\/www.gabianspirit.com\/wordpress\/wp-json\/wp\/v2\/types\/post"}],"author":[{"embeddable":true,"href":"https:\/\/www.gabianspirit.com\/wordpress\/wp-json\/wp\/v2\/users\/1"}],"replies":[{"embeddable":true,"href":"https:\/\/www.gabianspirit.com\/wordpress\/wp-json\/wp\/v2\/comments?post=10525"}],"version-history":[{"count":6,"href":"https:\/\/www.gabianspirit.com\/wordpress\/wp-json\/wp\/v2\/posts\/10525\/revisions"}],"predecessor-version":[{"id":13714,"href":"https:\/\/www.gabianspirit.com\/wordpress\/wp-json\/wp\/v2\/posts\/10525\/revisions\/13714"}],"wp:featuredmedia":[{"embeddable":true,"href":"https:\/\/www.gabianspirit.com\/wordpress\/wp-json\/wp\/v2\/media\/13712"}],"wp:attachment":[{"href":"https:\/\/www.gabianspirit.com\/wordpress\/wp-json\/wp\/v2\/media?parent=10525"}],"wp:term":[{"taxonomy":"category","embeddable":true,"href":"https:\/\/www.gabianspirit.com\/wordpress\/wp-json\/wp\/v2\/categories?post=10525"},{"taxonomy":"post_tag","embeddable":true,"href":"https:\/\/www.gabianspirit.com\/wordpress\/wp-json\/wp\/v2\/tags?post=10525"}],"curies":[{"name":"wp","href":"https:\/\/api.w.org\/{rel}","templated":true}]}}