{"id":10523,"date":"2021-03-19T19:46:00","date_gmt":"2021-03-19T18:46:00","guid":{"rendered":"https:\/\/www.gabianspirit.com\/wordpress\/?p=10523"},"modified":"2025-07-08T17:14:13","modified_gmt":"2025-07-08T16:14:13","slug":"diverses-images-de-la-sainte-vierge","status":"publish","type":"post","link":"https:\/\/www.gabianspirit.com\/wordpress\/diverses-images-de-la-sainte-vierge\/","title":{"rendered":"Images de la Sainte Vierge"},"content":{"rendered":"\n<figure class=\"wp-block-gallery has-nested-images columns-default is-cropped wp-block-gallery-1 is-layout-flex wp-block-gallery-is-layout-flex\">\n<figure class=\"wp-block-image size-large\"><a href=\"https:\/\/www.gabianspirit.com\/wordpress\/11-immaculada_concepciou\/\"><img loading=\"lazy\" decoding=\"async\" width=\"933\" height=\"1336\" data-id=\"13316\" src=\"https:\/\/www.gabianspirit.com\/wordpress\/wp-content\/uploads\/2023\/01\/11-Immaculada_Concepciou.jpg\" alt=\"\" class=\"wp-image-13316\" srcset=\"https:\/\/www.gabianspirit.com\/wordpress\/wp-content\/uploads\/2023\/01\/11-Immaculada_Concepciou.jpg 933w, https:\/\/www.gabianspirit.com\/wordpress\/wp-content\/uploads\/2023\/01\/11-Immaculada_Concepciou-744x1065.jpg 744w, https:\/\/www.gabianspirit.com\/wordpress\/wp-content\/uploads\/2023\/01\/11-Immaculada_Concepciou-768x1100.jpg 768w\" sizes=\"auto, (max-width: 933px) 100vw, 933px\" \/><\/a><figcaption class=\"wp-element-caption\">Immaculata conceptio<\/figcaption><\/figure>\n\n\n\n<figure class=\"wp-block-image size-large\"><a href=\"https:\/\/www.gabianspirit.com\/wordpress\/14-madonna_della_neve\/\"><img loading=\"lazy\" decoding=\"async\" width=\"933\" height=\"1336\" data-id=\"13319\" src=\"https:\/\/www.gabianspirit.com\/wordpress\/wp-content\/uploads\/2023\/01\/14-Madonna_della_neve.jpg\" alt=\"\" class=\"wp-image-13319\" srcset=\"https:\/\/www.gabianspirit.com\/wordpress\/wp-content\/uploads\/2023\/01\/14-Madonna_della_neve.jpg 933w, https:\/\/www.gabianspirit.com\/wordpress\/wp-content\/uploads\/2023\/01\/14-Madonna_della_neve-744x1065.jpg 744w, https:\/\/www.gabianspirit.com\/wordpress\/wp-content\/uploads\/2023\/01\/14-Madonna_della_neve-768x1100.jpg 768w\" sizes=\"auto, (max-width: 933px) 100vw, 933px\" \/><\/a><figcaption class=\"wp-element-caption\">Madonna della Neve<\/figcaption><\/figure>\n\n\n\n<figure class=\"wp-block-image size-large\"><a href=\"https:\/\/www.gabianspirit.com\/wordpress\/18-mb_u_medugorju\/\"><img loading=\"lazy\" decoding=\"async\" width=\"933\" height=\"1336\" data-id=\"13323\" src=\"https:\/\/www.gabianspirit.com\/wordpress\/wp-content\/uploads\/2023\/01\/18-MB_u_Medugorju.jpg\" alt=\"\" class=\"wp-image-13323\" srcset=\"https:\/\/www.gabianspirit.com\/wordpress\/wp-content\/uploads\/2023\/01\/18-MB_u_Medugorju.jpg 933w, https:\/\/www.gabianspirit.com\/wordpress\/wp-content\/uploads\/2023\/01\/18-MB_u_Medugorju-744x1065.jpg 744w, https:\/\/www.gabianspirit.com\/wordpress\/wp-content\/uploads\/2023\/01\/18-MB_u_Medugorju-768x1100.jpg 768w\" sizes=\"auto, (max-width: 933px) 100vw, 933px\" \/><\/a><figcaption class=\"wp-element-caption\">Majka Bozja u Medjuoriju<\/figcaption><\/figure>\n\n\n\n<figure class=\"wp-block-image size-large\"><a href=\"https:\/\/www.gabianspirit.com\/wordpress\/21-maria_knotenloserin\/\"><img loading=\"lazy\" decoding=\"async\" width=\"933\" height=\"1336\" data-id=\"13326\" src=\"https:\/\/www.gabianspirit.com\/wordpress\/wp-content\/uploads\/2023\/01\/21-Maria_Knotenloserin.jpg\" alt=\"\" class=\"wp-image-13326\" srcset=\"https:\/\/www.gabianspirit.com\/wordpress\/wp-content\/uploads\/2023\/01\/21-Maria_Knotenloserin.jpg 933w, https:\/\/www.gabianspirit.com\/wordpress\/wp-content\/uploads\/2023\/01\/21-Maria_Knotenloserin-744x1065.jpg 744w, https:\/\/www.gabianspirit.com\/wordpress\/wp-content\/uploads\/2023\/01\/21-Maria_Knotenloserin-768x1100.jpg 768w\" sizes=\"auto, (max-width: 933px) 100vw, 933px\" \/><\/a><figcaption class=\"wp-element-caption\">Maria Knotenl\u00f6serin<\/figcaption><\/figure>\n\n\n\n<figure class=\"wp-block-image size-large\"><a href=\"https:\/\/www.gabianspirit.com\/wordpress\/29-ns_do_rosario_de_fatima\/\"><img loading=\"lazy\" decoding=\"async\" width=\"933\" height=\"1336\" data-id=\"13328\" src=\"https:\/\/www.gabianspirit.com\/wordpress\/wp-content\/uploads\/2023\/01\/29-NS_do_Rosario_de_Fatima.jpg\" alt=\"\" class=\"wp-image-13328\" srcset=\"https:\/\/www.gabianspirit.com\/wordpress\/wp-content\/uploads\/2023\/01\/29-NS_do_Rosario_de_Fatima.jpg 933w, https:\/\/www.gabianspirit.com\/wordpress\/wp-content\/uploads\/2023\/01\/29-NS_do_Rosario_de_Fatima-744x1065.jpg 744w, https:\/\/www.gabianspirit.com\/wordpress\/wp-content\/uploads\/2023\/01\/29-NS_do_Rosario_de_Fatima-768x1100.jpg 768w\" sizes=\"auto, (max-width: 933px) 100vw, 933px\" \/><\/a><figcaption class=\"wp-element-caption\">Nossa Senhora do Ros\u00e1rio de F\u00e1tima<\/figcaption><\/figure>\n\n\n\n<figure class=\"wp-block-image size-large\"><a href=\"https:\/\/www.gabianspirit.com\/wordpress\/37-nd_de_laghet\/\"><img loading=\"lazy\" decoding=\"async\" width=\"933\" height=\"1336\" data-id=\"13330\" src=\"https:\/\/www.gabianspirit.com\/wordpress\/wp-content\/uploads\/2023\/01\/37-ND_de_Laghet.jpg\" alt=\"\" class=\"wp-image-13330\" srcset=\"https:\/\/www.gabianspirit.com\/wordpress\/wp-content\/uploads\/2023\/01\/37-ND_de_Laghet.jpg 933w, https:\/\/www.gabianspirit.com\/wordpress\/wp-content\/uploads\/2023\/01\/37-ND_de_Laghet-744x1065.jpg 744w, https:\/\/www.gabianspirit.com\/wordpress\/wp-content\/uploads\/2023\/01\/37-ND_de_Laghet-768x1100.jpg 768w\" sizes=\"auto, (max-width: 933px) 100vw, 933px\" \/><\/a><figcaption class=\"wp-element-caption\">Notre Dame de Laghet<\/figcaption><\/figure>\n\n\n\n<figure class=\"wp-block-image size-large\"><a href=\"https:\/\/www.gabianspirit.com\/wordpress\/45-nd_des_victoires\/\"><img loading=\"lazy\" decoding=\"async\" width=\"933\" height=\"1336\" data-id=\"13332\" src=\"https:\/\/www.gabianspirit.com\/wordpress\/wp-content\/uploads\/2023\/01\/45-ND_des_Victoires.jpg\" alt=\"\" class=\"wp-image-13332\" srcset=\"https:\/\/www.gabianspirit.com\/wordpress\/wp-content\/uploads\/2023\/01\/45-ND_des_Victoires.jpg 933w, https:\/\/www.gabianspirit.com\/wordpress\/wp-content\/uploads\/2023\/01\/45-ND_des_Victoires-744x1065.jpg 744w, https:\/\/www.gabianspirit.com\/wordpress\/wp-content\/uploads\/2023\/01\/45-ND_des_Victoires-768x1100.jpg 768w\" sizes=\"auto, (max-width: 933px) 100vw, 933px\" \/><\/a><figcaption class=\"wp-element-caption\">Notre Dame des Victoires<\/figcaption><\/figure>\n\n\n\n<figure class=\"wp-block-image size-large\"><a href=\"https:\/\/www.gabianspirit.com\/wordpress\/50-nd_de_la_gardo\/\"><img loading=\"lazy\" decoding=\"async\" width=\"933\" height=\"1336\" data-id=\"13334\" src=\"https:\/\/www.gabianspirit.com\/wordpress\/wp-content\/uploads\/2023\/01\/50-ND_de_la_Gardo.jpg\" alt=\"\" class=\"wp-image-13334\" srcset=\"https:\/\/www.gabianspirit.com\/wordpress\/wp-content\/uploads\/2023\/01\/50-ND_de_la_Gardo.jpg 933w, https:\/\/www.gabianspirit.com\/wordpress\/wp-content\/uploads\/2023\/01\/50-ND_de_la_Gardo-744x1065.jpg 744w, https:\/\/www.gabianspirit.com\/wordpress\/wp-content\/uploads\/2023\/01\/50-ND_de_la_Gardo-768x1100.jpg 768w\" sizes=\"auto, (max-width: 933px) 100vw, 933px\" \/><\/a><figcaption class=\"wp-element-caption\">Nuestro Damo de la Gardo<\/figcaption><\/figure>\n\n\n\n<figure class=\"wp-block-image size-large\"><a href=\"https:\/\/www.gabianspirit.com\/wordpress\/57-ol_of_knock\/\"><img loading=\"lazy\" decoding=\"async\" width=\"933\" height=\"1336\" data-id=\"13336\" src=\"https:\/\/www.gabianspirit.com\/wordpress\/wp-content\/uploads\/2023\/01\/57-OL_of_Knock.jpg\" alt=\"\" class=\"wp-image-13336\" srcset=\"https:\/\/www.gabianspirit.com\/wordpress\/wp-content\/uploads\/2023\/01\/57-OL_of_Knock.jpg 933w, https:\/\/www.gabianspirit.com\/wordpress\/wp-content\/uploads\/2023\/01\/57-OL_of_Knock-744x1065.jpg 744w, https:\/\/www.gabianspirit.com\/wordpress\/wp-content\/uploads\/2023\/01\/57-OL_of_Knock-768x1100.jpg 768w\" sizes=\"auto, (max-width: 933px) 100vw, 933px\" \/><\/a><figcaption class=\"wp-element-caption\">Our Lady of Knock<\/figcaption><\/figure>\n\n\n\n<figure class=\"wp-block-image size-large\"><a href=\"https:\/\/www.gabianspirit.com\/wordpress\/5-bmv_de_perpetuo_succursu\/\"><img loading=\"lazy\" decoding=\"async\" width=\"933\" height=\"1336\" data-id=\"13310\" src=\"https:\/\/www.gabianspirit.com\/wordpress\/wp-content\/uploads\/2023\/01\/5-BMV_de_Perpetuo_Succursu.jpg\" alt=\"\" class=\"wp-image-13310\" srcset=\"https:\/\/www.gabianspirit.com\/wordpress\/wp-content\/uploads\/2023\/01\/5-BMV_de_Perpetuo_Succursu.jpg 933w, https:\/\/www.gabianspirit.com\/wordpress\/wp-content\/uploads\/2023\/01\/5-BMV_de_Perpetuo_Succursu-744x1065.jpg 744w, https:\/\/www.gabianspirit.com\/wordpress\/wp-content\/uploads\/2023\/01\/5-BMV_de_Perpetuo_Succursu-768x1100.jpg 768w\" sizes=\"auto, (max-width: 933px) 100vw, 933px\" \/><\/a><figcaption class=\"wp-element-caption\">Perpetuo Succursu<\/figcaption><\/figure>\n\n\n\n<figure class=\"wp-block-image size-large\"><a href=\"https:\/\/www.gabianspirit.com\/wordpress\/4-ave_regina_pacis\/\"><img loading=\"lazy\" decoding=\"async\" width=\"933\" height=\"1336\" data-id=\"13309\" src=\"https:\/\/www.gabianspirit.com\/wordpress\/wp-content\/uploads\/2023\/01\/4-Ave_Regina_Pacis.jpg\" alt=\"\" class=\"wp-image-13309\" srcset=\"https:\/\/www.gabianspirit.com\/wordpress\/wp-content\/uploads\/2023\/01\/4-Ave_Regina_Pacis.jpg 933w, https:\/\/www.gabianspirit.com\/wordpress\/wp-content\/uploads\/2023\/01\/4-Ave_Regina_Pacis-744x1065.jpg 744w, https:\/\/www.gabianspirit.com\/wordpress\/wp-content\/uploads\/2023\/01\/4-Ave_Regina_Pacis-768x1100.jpg 768w\" sizes=\"auto, (max-width: 933px) 100vw, 933px\" \/><\/a><figcaption class=\"wp-element-caption\">Regina Pacis<\/figcaption><\/figure>\n\n\n\n<figure class=\"wp-block-image size-large\"><a href=\"https:\/\/www.gabianspirit.com\/wordpress\/sanctafamilia\/\"><img loading=\"lazy\" decoding=\"async\" width=\"933\" height=\"1336\" data-id=\"12867\" src=\"https:\/\/www.gabianspirit.com\/wordpress\/wp-content\/uploads\/2023\/01\/SanctaFamilia.jpg\" alt=\"\" class=\"wp-image-12867\" srcset=\"https:\/\/www.gabianspirit.com\/wordpress\/wp-content\/uploads\/2023\/01\/SanctaFamilia.jpg 933w, https:\/\/www.gabianspirit.com\/wordpress\/wp-content\/uploads\/2023\/01\/SanctaFamilia-744x1065.jpg 744w, https:\/\/www.gabianspirit.com\/wordpress\/wp-content\/uploads\/2023\/01\/SanctaFamilia-768x1100.jpg 768w\" sizes=\"auto, (max-width: 933px) 100vw, 933px\" \/><\/a><figcaption class=\"wp-element-caption\">Sancta Familia<\/figcaption><\/figure>\n\n\n\n<figure class=\"wp-block-image size-large\"><a href=\"https:\/\/www.gabianspirit.com\/wordpress\/diverses-images-de-la-sainte-vierge\/rocamadour\/\"><img loading=\"lazy\" decoding=\"async\" width=\"1200\" height=\"1718\" data-id=\"10855\" src=\"https:\/\/www.gabianspirit.com\/wordpress\/wp-content\/uploads\/2021\/09\/Rocamadour-1200x1718.png\" alt=\"\" class=\"wp-image-10855\" srcset=\"https:\/\/www.gabianspirit.com\/wordpress\/wp-content\/uploads\/2021\/09\/Rocamadour-1200x1718.png 1200w, https:\/\/www.gabianspirit.com\/wordpress\/wp-content\/uploads\/2021\/09\/Rocamadour-744x1065.png 744w, https:\/\/www.gabianspirit.com\/wordpress\/wp-content\/uploads\/2021\/09\/Rocamadour-768x1100.png 768w, https:\/\/www.gabianspirit.com\/wordpress\/wp-content\/uploads\/2021\/09\/Rocamadour-1073x1536.png 1073w, https:\/\/www.gabianspirit.com\/wordpress\/wp-content\/uploads\/2021\/09\/Rocamadour-1430x2048.png 1430w\" sizes=\"auto, (max-width: 1200px) 100vw, 1200px\" \/><\/a><figcaption class=\"wp-element-caption\">Notre Dame de Rocamadour<\/figcaption><\/figure>\n\n\n\n<figure class=\"wp-block-image size-large\"><a href=\"https:\/\/www.gabianspirit.com\/wordpress\/diverses-images-de-la-sainte-vierge\/puy-en-velay\/\"><img loading=\"lazy\" decoding=\"async\" width=\"1200\" height=\"1718\" data-id=\"10856\" src=\"https:\/\/www.gabianspirit.com\/wordpress\/wp-content\/uploads\/2021\/09\/Puy-en-Velay-1200x1718.png\" alt=\"\" class=\"wp-image-10856\" srcset=\"https:\/\/www.gabianspirit.com\/wordpress\/wp-content\/uploads\/2021\/09\/Puy-en-Velay-1200x1718.png 1200w, https:\/\/www.gabianspirit.com\/wordpress\/wp-content\/uploads\/2021\/09\/Puy-en-Velay-744x1065.png 744w, https:\/\/www.gabianspirit.com\/wordpress\/wp-content\/uploads\/2021\/09\/Puy-en-Velay-768x1100.png 768w, https:\/\/www.gabianspirit.com\/wordpress\/wp-content\/uploads\/2021\/09\/Puy-en-Velay-1073x1536.png 1073w, https:\/\/www.gabianspirit.com\/wordpress\/wp-content\/uploads\/2021\/09\/Puy-en-Velay-1430x2048.png 1430w\" sizes=\"auto, (max-width: 1200px) 100vw, 1200px\" \/><\/a><figcaption class=\"wp-element-caption\">Notre Dame du Puy-en-Velay<\/figcaption><\/figure>\n\n\n\n<figure class=\"wp-block-image size-large\"><a href=\"https:\/\/www.gabianspirit.com\/wordpress\/diverses-images-de-la-sainte-vierge\/montserrat\/\"><img loading=\"lazy\" decoding=\"async\" width=\"1200\" height=\"1718\" data-id=\"10859\" src=\"https:\/\/www.gabianspirit.com\/wordpress\/wp-content\/uploads\/2021\/09\/Montserrat-1200x1718.png\" alt=\"\" class=\"wp-image-10859\" srcset=\"https:\/\/www.gabianspirit.com\/wordpress\/wp-content\/uploads\/2021\/09\/Montserrat-1200x1718.png 1200w, https:\/\/www.gabianspirit.com\/wordpress\/wp-content\/uploads\/2021\/09\/Montserrat-744x1065.png 744w, https:\/\/www.gabianspirit.com\/wordpress\/wp-content\/uploads\/2021\/09\/Montserrat-768x1100.png 768w, https:\/\/www.gabianspirit.com\/wordpress\/wp-content\/uploads\/2021\/09\/Montserrat-1073x1536.png 1073w, https:\/\/www.gabianspirit.com\/wordpress\/wp-content\/uploads\/2021\/09\/Montserrat-1430x2048.png 1430w, https:\/\/www.gabianspirit.com\/wordpress\/wp-content\/uploads\/2021\/09\/Montserrat.png 2000w\" sizes=\"auto, (max-width: 1200px) 100vw, 1200px\" \/><\/a><figcaption class=\"wp-element-caption\">Mare de D\u00e9u de Montserrat<\/figcaption><\/figure>\n\n\n\n<figure class=\"wp-block-image size-large\"><a href=\"https:\/\/www.gabianspirit.com\/wordpress\/diverses-images-de-la-sainte-vierge\/czestochowkiej\/\"><img loading=\"lazy\" decoding=\"async\" width=\"1200\" height=\"1718\" data-id=\"10860\" src=\"https:\/\/www.gabianspirit.com\/wordpress\/wp-content\/uploads\/2021\/09\/czestochowkiej-1200x1718.png\" alt=\"\" class=\"wp-image-10860\" srcset=\"https:\/\/www.gabianspirit.com\/wordpress\/wp-content\/uploads\/2021\/09\/czestochowkiej-1200x1718.png 1200w, https:\/\/www.gabianspirit.com\/wordpress\/wp-content\/uploads\/2021\/09\/czestochowkiej-744x1065.png 744w, https:\/\/www.gabianspirit.com\/wordpress\/wp-content\/uploads\/2021\/09\/czestochowkiej-768x1100.png 768w, https:\/\/www.gabianspirit.com\/wordpress\/wp-content\/uploads\/2021\/09\/czestochowkiej-1073x1536.png 1073w, https:\/\/www.gabianspirit.com\/wordpress\/wp-content\/uploads\/2021\/09\/czestochowkiej-1430x2048.png 1430w\" sizes=\"auto, (max-width: 1200px) 100vw, 1200px\" \/><\/a><figcaption class=\"wp-element-caption\">Obraz Matki Boskiej Cz\u0119stochowskiej<\/figcaption><\/figure>\n\n\n\n<figure class=\"wp-block-image size-large\"><a href=\"https:\/\/www.gabianspirit.com\/wordpress\/diverses-images-de-la-sainte-vierge\/confession\/\"><img loading=\"lazy\" decoding=\"async\" width=\"1200\" height=\"1718\" data-id=\"10862\" src=\"https:\/\/www.gabianspirit.com\/wordpress\/wp-content\/uploads\/2021\/09\/Confession-1200x1718.png\" alt=\"\" class=\"wp-image-10862\" srcset=\"https:\/\/www.gabianspirit.com\/wordpress\/wp-content\/uploads\/2021\/09\/Confession-1200x1718.png 1200w, https:\/\/www.gabianspirit.com\/wordpress\/wp-content\/uploads\/2021\/09\/Confession-744x1065.png 744w, https:\/\/www.gabianspirit.com\/wordpress\/wp-content\/uploads\/2021\/09\/Confession-768x1100.png 768w, https:\/\/www.gabianspirit.com\/wordpress\/wp-content\/uploads\/2021\/09\/Confession-1073x1536.png 1073w, https:\/\/www.gabianspirit.com\/wordpress\/wp-content\/uploads\/2021\/09\/Confession-1430x2048.png 1430w, https:\/\/www.gabianspirit.com\/wordpress\/wp-content\/uploads\/2021\/09\/Confession.png 2000w\" sizes=\"auto, (max-width: 1200px) 100vw, 1200px\" \/><\/a><figcaption class=\"wp-element-caption\">Notre Dame de Confession<\/figcaption><\/figure>\n\n\n\n<figure class=\"wp-block-image size-large\"><a href=\"https:\/\/www.gabianspirit.com\/wordpress\/diverses-images-de-la-sainte-vierge\/ausros-vartu\/\"><img loading=\"lazy\" decoding=\"async\" width=\"1200\" height=\"1718\" data-id=\"10863\" src=\"https:\/\/www.gabianspirit.com\/wordpress\/wp-content\/uploads\/2021\/09\/ausros-vartu-1200x1718.png\" alt=\"\" class=\"wp-image-10863\" srcset=\"https:\/\/www.gabianspirit.com\/wordpress\/wp-content\/uploads\/2021\/09\/ausros-vartu-1200x1718.png 1200w, https:\/\/www.gabianspirit.com\/wordpress\/wp-content\/uploads\/2021\/09\/ausros-vartu-744x1065.png 744w, https:\/\/www.gabianspirit.com\/wordpress\/wp-content\/uploads\/2021\/09\/ausros-vartu-768x1099.png 768w, https:\/\/www.gabianspirit.com\/wordpress\/wp-content\/uploads\/2021\/09\/ausros-vartu-1073x1536.png 1073w, https:\/\/www.gabianspirit.com\/wordpress\/wp-content\/uploads\/2021\/09\/ausros-vartu.png 1397w\" sizes=\"auto, (max-width: 1200px) 100vw, 1200px\" \/><\/a><figcaption class=\"wp-element-caption\">Ausros Vartu Svc. Mergeles Marijos<\/figcaption><\/figure>\n\n\n\n<figure class=\"wp-block-image size-large\"><a href=\"https:\/\/www.gabianspirit.com\/wordpress\/vierge-de-strasbourg\/strasbourg\/\"><img decoding=\"async\" data-id=\"9996\" src=\"https:\/\/www.gabianspirit.com\/wordpress\/wp-content\/uploads\/2021\/01\/Strasbourg-1200x838.png\" alt=\"\" class=\"wp-image-9996\"\/><\/a><figcaption class=\"wp-element-caption\">Vierge de Strasbourg<\/figcaption><\/figure>\n<\/figure>\n\n\n\n<p class=\"has-text-align-center has-large-font-size\"><a href=\"https:\/\/www.etsy.com\/shop\/gabianspiritart\">Vous pouvez commander ces images ici<\/a><\/p>\n\n\n\n<p>\u2022 L&rsquo;Immacul\u00e9e Conception&nbsp;est la&nbsp;conception&nbsp;de la&nbsp;Vierge Marie&nbsp;\u00ab&nbsp;sans tache&nbsp;\u00bb, c&rsquo;est-\u00e0-dire exempte du&nbsp;p\u00e9ch\u00e9 originel. Il s&rsquo;agit d&rsquo;un&nbsp;dogme&nbsp;de l&rsquo;\u00c9glise catholique&nbsp;qui a \u00e9t\u00e9 proclam\u00e9, le&nbsp;8 d\u00e9cembre 1854&nbsp;par le&nbsp;pape&nbsp;Pie IX&nbsp;par la&nbsp;bulle&nbsp;<em>Ineffabilis Deus<\/em>, mais cette croyance existait d\u00e9j\u00e0 chez certains&nbsp;P\u00e8res de l&rsquo;\u00c9glise&nbsp;au&nbsp;IV<sup>e<\/sup>&nbsp;si\u00e8cle. Elle est souvent confondue par erreur avec la&nbsp;conception virginale&nbsp;de&nbsp;J\u00e9sus-Christ, c&rsquo;est-\u00e0-dire le dogme de l&rsquo;Incarnation, mais elle ne concerne que la conception de Marie elle-m\u00eame. (<a href=\"https:\/\/fr.wikipedia.org\/wiki\/Immacul%C3%A9e_Conception\">plus<\/a>) J&rsquo;ai choisi la repr\u00e9sentation de Notre Dame de Lourdes.<\/p>\n\n\n\n<p>\u2022 Madonna della Neve : la Vierge \u00e0 l&rsquo;Enfant de la neige est une repr\u00e9sentation de Marie courante dans le Pi\u00e9mont italien.<\/p>\n\n\n\n<p>\u2022 Notre Dame de Me\u0111ugorje : Me\u0111ugorje ou Medjugorje est une paroisse catholique de la municipalit\u00e9 de \u010citluk en Bosnie-Herz\u00e9govine. <a href=\"https:\/\/fr.wikipedia.org\/wiki\/Apparitions_mariales_de_Me%C4%91ugorje\">Marie de Nazareth<\/a> y appara\u00eetrait \u00e0 six Croates d&rsquo;Herz\u00e9govine depuis le 24 juin 1981, quotidiennement selon trois des voyant(e)s, portant toujours des messages de paix. Actuellement, le jugement officiel de l&rsquo;\u00c9glise catholique concernant ces ph\u00e9nom\u00e8nes se r\u00e9f\u00e8re au non constat de <em>supernaturalitate<\/em> de la D\u00e9claration de Zadar : \u00ab Sur la base des recherches effectu\u00e9es jusqu&rsquo;\u00e0 pr\u00e9sent, il n&rsquo;est pas possible d&rsquo;affirmer le caract\u00e8re surnaturel de ces apparitions ou r\u00e9v\u00e9lations. \u00bb Cependant, de nombreux p\u00e8lerins de rendent chaque jour sur la montagne de Me\u0111ugorje. Ce p\u00e8lerinage est autoris\u00e9 par le Vatican depuis le 12 mai 2019.<\/p>\n\n\n\n<p>\u2022 <a href=\"https:\/\/fr.wikipedia.org\/wiki\/Marie_qui_d%C3%A9fait_les_n%C5%93uds\" data-type=\"URL\" data-id=\"https:\/\/fr.wikipedia.org\/wiki\/Marie_qui_d%C3%A9fait_les_n%C5%93uds\">Maria Knotenl\u00f6serin<\/a> : Marie qui d\u00e9fait les n\u0153uds est le nom donn\u00e9 \u00e0 une d\u00e9votion mariale li\u00e9e \u00e0 un tableau baroque du XVIIIe si\u00e8cle. L&rsquo;original de ce tableau figure dans l&rsquo;\u00e9glise Saint-Pierre de Perlach \u00e0 Augsbourg (Bavi\u00e8re, Allemagne). Le Pape Fran\u00e7ois a \u00e9t\u00e9 frapp\u00e9 par cette image lorsqu&rsquo;il \u00e9tudiait en Allemagne dans les ann\u00e9es 80 et en a favoris\u00e9 la v\u00e9n\u00e9ration en Argentine d&rsquo;abord, puis dans le monde entier.<\/p>\n\n\n\n<p>\u2022 <a href=\"https:\/\/fr.wikipedia.org\/wiki\/Notre-Dame_de_F%C3%A1tima\">Notre-Dame de F\u00e1tima<\/a> est le nom sous lequel est invoqu\u00e9e la Vierge Marie telle qu&rsquo;elle serait apparue \u00e0 trois enfants \u00e0 F\u00e1tima, village du centre du Portugal, \u00e0 six reprises au cours de l&rsquo;ann\u00e9e 1917. Ces apparitions, dont le message porte sur la pri\u00e8re et les fins derni\u00e8res, ont d&rsquo;abord \u00e9t\u00e9 l&rsquo;objet de m\u00e9fiance, aussi bien de la part des autorit\u00e9s civiles que des autorit\u00e9s religieuses. En 1930, la reconnaissance de ces apparitions par l&rsquo;\u00c9glise catholique romaine renforce le succ\u00e8s populaire de ce qui devient un grand centre mondial de p\u00e8lerinage.<\/p>\n\n\n\n<p>\u2022 Situ\u00e9 sur un \u00e9peron rocheux au dessus d&rsquo;\u00c8ze (Alpes-Maritimes, France), <a href=\"https:\/\/sanctuairelaghet.fr\/index.php?option=com_content&amp;view=article&amp;id=129&amp;Itemid=145\">le sanctuaire de Laghet<\/a> abrite une statue miraculeuse de la Vierge.<\/p>\n\n\n\n<p>\u2022 Construite \u00e0 Paris par Louis XIII, le <a href=\"https:\/\/www.notredamedesvictoires.com\/history\/histoire\/\">Sanctuaire Notre-Dame des Victoires<\/a> est bien connu pour les nombreuses gr\u00e2ces qui y sont dispens\u00e9es par la Vierge Marie \u00e0 tous les p\u00e8lerins qui viennent lui rendre visite, notamment pour des r\u00e9ussites personnelles ou des conversions.<\/p>\n\n\n\n<p>\u2022 <a href=\"https:\/\/fr.wikipedia.org\/wiki\/Basilique_Notre-Dame-de-la-Garde\">Notre-Dame-de-la-Garde<\/a>&nbsp;(en&nbsp;proven\u00e7al,&nbsp;<em>Nouestro-Damo de la Gardo<\/em>), souvent surnomm\u00e9e \u00ab&nbsp;la Bonne M\u00e8re&nbsp;\u00bb (<em>la Boueno Maire<\/em>&nbsp;en proven\u00e7al), est une&nbsp;basilique mineure&nbsp;du&nbsp;xix<sup>e<\/sup>&nbsp;si\u00e8cle&nbsp;de l&rsquo;\u00c9glise catholique.&nbsp;Embl\u00e8me&nbsp;de&nbsp;Marseille, d\u00e9di\u00e9e \u00e0&nbsp;Notre-Dame&nbsp;de la Garde (protectrice de Marseille avec&nbsp;Saint Victor), elle domine la ville et la&nbsp;mer M\u00e9diterran\u00e9e&nbsp;depuis le sommet de la colline Notre-Dame-de-la-Garde (site class\u00e9&nbsp;depuis 1917).<\/p>\n\n\n\n<p>\u2022 <a href=\"https:\/\/fr.wikipedia.org\/wiki\/Notre-Dame_de_Knock\" data-type=\"URL\" data-id=\"https:\/\/fr.wikipedia.org\/wiki\/Notre-Dame_de_Knock\">Notre-Dame de Knock<\/a> : apparition mariale de 1879, en Irlande, qui aurait \u00e9t\u00e9 accompagn\u00e9e d&rsquo;autres apparitions de saint Joseph, de saint Jean, d&rsquo;anges et de J\u00e9sus-Christ (l&rsquo;Agneau de Dieu). Cette apparition est reconnue comme authentique par l&rsquo;\u00c9glise catholique.<\/p>\n\n\n\n<p>\u2022 <a href=\"https:\/\/fr.wikipedia.org\/wiki\/Notre-Dame_du_Perp%C3%A9tuel_Secours_(ic%C3%B4ne)\">Notre-Dame du Perp\u00e9tuel Secours<\/a> est une ic\u00f4ne \u00ab miraculeuse \u00bb (Imago Beatae Mariae Virginis miraculis illustris) datant du xive si\u00e8cle, de type byzantin, dite en russe \u00ab Strastna\u00efa \u00bb (de Strast&rsquo; : Passion, aux instruments de la Passion). D&rsquo;origine cr\u00e9toise d&rsquo;apr\u00e8s la l\u00e9gende, son type iconographique fut attribu\u00e9 \u00e0 Andr\u00e9as Ritzos vers 1492.<\/p>\n\n\n\n<p>\u2022 Sainte Famille : Marie, Joseph et J\u00e9sus.<\/p>\n\n\n\n<p>\u2022 Regina Pacis : d&rsquo;apr\u00e8s la statue de Guido Galli, qui se trouve en la <a href=\"https:\/\/fr.wikipedia.org\/wiki\/Basilique_Sainte-Marie-Majeure\">basilique Sainte Marie Majeure<\/a> (Rome). Elle a \u00e9t\u00e9 r\u00e9alis\u00e9e sur commande du Pape Beno\u00eet XV pour rendre gr\u00e2ce \u00e0 Dieu de la fin de la Premi\u00e8re Guerre mondiale.<\/p>\n\n\n\n<p>\u2022 Notre Dame de Rocamadour est une statue m\u00e9di\u00e9vale en bois qui se trouve dans la chapelle Notre-Dame de Rocamadour (France), dans le complexe religieux form\u00e9 par la basilique Saint-Sauveur, la crypte Saint-Amadour et plusieurs chapelles.<\/p>\n\n\n\n<p>\u2022 Notre Dame du Puy-en-Velay est une statue de bois, copie de celle offerte \u00e0 Saint Louis \u00e0 son retour d&rsquo;\u00c9gypte. Elle se trouve en la <a href=\"https:\/\/fr.wikipedia.org\/wiki\/Cath%C3%A9drale_Notre-Dame_du_Puy-en-Velay\" data-type=\"URL\" data-id=\"https:\/\/fr.wikipedia.org\/wiki\/Cath%C3%A9drale_Notre-Dame_du_Puy-en-Velay\">cath\u00e9drale Notre-Dame du Puy-en-Velay<\/a> (France).<\/p>\n\n\n\n<p>\u2022 Mare de D\u00e9u de Montserrat (en fran\u00e7ais : Notre Dame de Montserrat) est la sainte patronne de la Catalogne. Elle est situ\u00e9e dans la basilique du monast\u00e8re de Santa Maria de Montserrat.<\/p>\n\n\n\n<p>\u2022 Obraz Matki Boskiej Cz\u0119stochowskiej (en fran\u00e7ais : Vierge noire de Cz\u0119stochowa, Pologne) est une ic\u00f4ne datant du 14e si\u00e8cle, si ce n&rsquo;est plus t\u00f4t, conserv\u00e9e au monast\u00e8re de Jasna G\u00f3ra.<\/p>\n\n\n\n<p>\u2022 Notre Dame de Confession est une statue du 12e si\u00e8cle, conserv\u00e9e \u00e0 Marseille, dans l&rsquo;Abbaye Saint-Victor.<\/p>\n\n\n\n<p>\u2022 Au\u0161ros Vart\u0173 \u0160v\u010d. Mergel\u0117s Marijos (en fran\u00e7ais : Notre Dame de la Porte de l&rsquo;Aurore) est une ic\u00f4ne du 17e si\u00e8cle conserv\u00e9e \u00e0 Vilnius. Elle fait l&rsquo;objet de nombreux p\u00e8lerinages depuis les pays baltes et la Pologne.<\/p>\n\n\n\n<p>\u2022 La Vierge de Strasbourg est une statue m\u00e9di\u00e9vale, en bois, conserv\u00e9e dans la crypte de la Cath\u00e9drale Notre-Dame de Strasbourg.<\/p>\n","protected":false},"excerpt":{"rendered":"<p>Vous pouvez commander ces images ici \u2022 L&rsquo;Immacul\u00e9e Conception&nbsp;est la&nbsp;conception&nbsp;de la&nbsp;Vierge Marie&nbsp;\u00ab&nbsp;sans tache&nbsp;\u00bb, c&rsquo;est-\u00e0-dire exempte du&nbsp;p\u00e9ch\u00e9 originel. Il s&rsquo;agit d&rsquo;un&nbsp;dogme&nbsp;de l&rsquo;\u00c9glise catholique&nbsp;qui a \u00e9t\u00e9 proclam\u00e9, [&#8230;]<\/p>\n","protected":false},"author":1,"featured_media":10860,"comment_status":"closed","ping_status":"closed","sticky":false,"template":"","format":"standard","meta":{"ngg_post_thumbnail":0,"_jetpack_memberships_contains_paid_content":false,"footnotes":""},"categories":[1228,1168],"tags":[1575,1499,1599,1600,1577,1576],"class_list":["post-10523","post","type-post","status-publish","format-standard","has-post-thumbnail","hentry","category-art","category-images-pieuses","tag-icone","tag-illustration","tag-marie-mere-de-dieu","tag-sainte-marie","tag-theotokos","tag-vierge-marie"],"jetpack_featured_media_url":"https:\/\/www.gabianspirit.com\/wordpress\/wp-content\/uploads\/2021\/09\/czestochowkiej.png","jetpack_sharing_enabled":true,"_links":{"self":[{"href":"https:\/\/www.gabianspirit.com\/wordpress\/wp-json\/wp\/v2\/posts\/10523","targetHints":{"allow":["GET"]}}],"collection":[{"href":"https:\/\/www.gabianspirit.com\/wordpress\/wp-json\/wp\/v2\/posts"}],"about":[{"href":"https:\/\/www.gabianspirit.com\/wordpress\/wp-json\/wp\/v2\/types\/post"}],"author":[{"embeddable":true,"href":"https:\/\/www.gabianspirit.com\/wordpress\/wp-json\/wp\/v2\/users\/1"}],"replies":[{"embeddable":true,"href":"https:\/\/www.gabianspirit.com\/wordpress\/wp-json\/wp\/v2\/comments?post=10523"}],"version-history":[{"count":10,"href":"https:\/\/www.gabianspirit.com\/wordpress\/wp-json\/wp\/v2\/posts\/10523\/revisions"}],"predecessor-version":[{"id":13970,"href":"https:\/\/www.gabianspirit.com\/wordpress\/wp-json\/wp\/v2\/posts\/10523\/revisions\/13970"}],"wp:featuredmedia":[{"embeddable":true,"href":"https:\/\/www.gabianspirit.com\/wordpress\/wp-json\/wp\/v2\/media\/10860"}],"wp:attachment":[{"href":"https:\/\/www.gabianspirit.com\/wordpress\/wp-json\/wp\/v2\/media?parent=10523"}],"wp:term":[{"taxonomy":"category","embeddable":true,"href":"https:\/\/www.gabianspirit.com\/wordpress\/wp-json\/wp\/v2\/categories?post=10523"},{"taxonomy":"post_tag","embeddable":true,"href":"https:\/\/www.gabianspirit.com\/wordpress\/wp-json\/wp\/v2\/tags?post=10523"}],"curies":[{"name":"wp","href":"https:\/\/api.w.org\/{rel}","templated":true}]}}